{"id":48,"date":"2013-10-10T12:53:35","date_gmt":"2013-10-10T12:53:35","guid":{"rendered":"http:\/\/ewaldwalser.artmagazine.ru\/?p=48"},"modified":"2023-01-20T19:49:15","modified_gmt":"2023-01-20T19:49:15","slug":"kunst-messe-linz-2013","status":"publish","type":"post","link":"https:\/\/ewaldwalser.com\/?p=48","title":{"rendered":"KUNST.MESSE.LINZ.2013"},"content":{"rendered":"<p>Fr. 18.10.2013 &#8211; So. 20.10.2013<br \/>\n2. Stock &#8211; Landesgalerie<br \/>\nMuseumstra\u00dfe 14<br \/>\n4010 Linz<\/p>\n<p>Er\u00f6ffung:<br \/>\nFr. 18.10.2013, 19 Uhr<\/p>\n<p>&#8222;Wie im letzten Jahr erfolgreich erprobt, pr\u00e4sentiert die  Kunst.Messe.Linz 2013 erneut aktuellste Kunstproduktion. Angeboten  werden ausschlie\u00dflich Werke, die in den letzten zehn Jahren entstanden  sind. Einmal mehr bietet die Kunst.Messe.Linz den Besucherinnen und  Besuchern die einzigartige Gelegenheit, das Programm  ober\u00f6sterreichischer Galerien und Kunstvereine in verdichteter Form an  einem Ort kennen zu lernen.&#8220; <a href=\"http:\/\/www.landesmuseum.at\/landesgalerie\/event-details\/kunstmesselinz-2012\/\" target=\"_blank\" rel=\"noopener\">www.landesmuseum.at<\/a><\/p>\n","protected":false},"excerpt":{"rendered":"<p>Fr. 18.10.2013 &#8211; So. 20.10.2013 2. Stock &#8211; Landesgalerie Museumstra\u00dfe 14 4010 Linz Er\u00f6ffung: Fr. 18.10.2013, 19 Uhr &#8222;Wie im letzten Jahr erfolgreich erprobt, pr\u00e4sentiert die Kunst.Messe.Linz 2013 erneut aktuellste Kunstproduktion. Angeboten werden ausschlie\u00dflich Werke, die in den letzten zehn Jahren entstanden sind. Einmal mehr bietet die Kunst.Messe.Linz den Besucherinnen und Besuchern die einzigartige Gelegenheit, [&hellip;]<\/p>\n","protected":false},"author":1,"featured_media":0,"comment_status":"closed","ping_status":"open","sticky":false,"template":"","format":"standard","meta":{"ngg_post_thumbnail":0},"categories":[1],"tags":[],"_links":{"self":[{"href":"https:\/\/ewaldwalser.com\/index.php?rest_route=\/wp\/v2\/posts\/48"}],"collection":[{"href":"https:\/\/ewaldwalser.com\/index.php?rest_route=\/wp\/v2\/posts"}],"about":[{"href":"https:\/\/ewaldwalser.com\/index.php?rest_route=\/wp\/v2\/types\/post"}],"author":[{"embeddable":true,"href":"https:\/\/ewaldwalser.com\/index.php?rest_route=\/wp\/v2\/users\/1"}],"replies":[{"embeddable":true,"href":"https:\/\/ewaldwalser.com\/index.php?rest_route=%2Fwp%2Fv2%2Fcomments&post=48"}],"version-history":[{"count":19,"href":"https:\/\/ewaldwalser.com\/index.php?rest_route=\/wp\/v2\/posts\/48\/revisions"}],"predecessor-version":[{"id":677,"href":"https:\/\/ewaldwalser.com\/index.php?rest_route=\/wp\/v2\/posts\/48\/revisions\/677"}],"wp:attachment":[{"href":"https:\/\/ewaldwalser.com\/index.php?rest_route=%2Fwp%2Fv2%2Fmedia&parent=48"}],"wp:term":[{"taxonomy":"category","embeddable":true,"href":"https:\/\/ewaldwalser.com\/index.php?rest_route=%2Fwp%2Fv2%2Fcategories&post=48"},{"taxonomy":"post_tag","embeddable":true,"href":"https:\/\/ewaldwalser.com\/index.php?rest_route=%2Fwp%2Fv2%2Ftags&post=48"}],"curies":[{"name":"wp","href":"https:\/\/api.w.org\/{rel}","templated":true}]}}