{"id":777,"date":"2023-11-09T16:28:18","date_gmt":"2023-11-09T16:28:18","guid":{"rendered":"https:\/\/ewaldwalser.com\/?p=777"},"modified":"2023-11-09T16:50:55","modified_gmt":"2023-11-09T16:50:55","slug":"katja-vassilieva-ewald-walser-ausstellung-in-der-galerie-der-stadt-traun","status":"publish","type":"post","link":"https:\/\/ewaldwalser.com\/?p=777","title":{"rendered":"Katja Vassilieva &#038; Ewald Walser \u2013 Ausstellung in der Galerie der Stadt Traun"},"content":{"rendered":"\n<p>Liebe Kunstinteressierte und Freunde!<br>Wir laden Sie recht herzlich zu unserer Ausstellunger\u00f6ffnung in die Galerie der Stadt Traun ein:<\/p>\n\n\n\n<p><strong>MALEREI<\/strong><br><strong>Katja Vassilieva &amp; Ewald Walser<\/strong><\/p>\n\n\n\n<p>Vernissage:<br><strong>Mittwoch, 22. November 2023 um 19:00 Uhr<\/strong><br>Galerie der Stadt Traun<br>Er\u00f6ffnung:&nbsp;<strong>Mag. Andreas Strohhammer \u2013 Lentos Kunstmuseum Linz<\/strong><br>Musik:&nbsp;<strong>Maria Nauen \u2013 Violine<\/strong><\/p>\n\n\n\n<p><strong>Di-So von 11:00-17:00 Uhr ge\u00f6ffnet<\/strong><\/p>\n\n\n\n<p>Zugang \u00fcber das Galerie Caf\u00e9<br>Ausstellungsdauer bis 7. J\u00e4nner 2024<\/p>\n\n\n\n<p><a rel=\"noreferrer noopener\" href=\"http:\/\/www.traun.at\/\" target=\"_blank\">www.traun.at<\/a><br><a rel=\"noreferrer noopener\" href=\"http:\/\/www.facebook.com\/GalerieDerStadtTraun\" target=\"_blank\">www.facebook.com\/GalerieDerStadtTraun<\/a><\/p>\n\n\n\n<figure class=\"wp-block-image size-full\"><a href=\"https:\/\/ewaldwalser.com\/wp-content\/uploads\/2023\/11\/Traun-Walser-Vassilieva.png\"><img decoding=\"async\" loading=\"lazy\" width=\"639\" height=\"793\" src=\"https:\/\/ewaldwalser.com\/wp-content\/uploads\/2023\/11\/Traun-Walser-Vassilieva.png\" alt=\"\" class=\"wp-image-778\" srcset=\"https:\/\/ewaldwalser.com\/wp-content\/uploads\/2023\/11\/Traun-Walser-Vassilieva.png 639w, https:\/\/ewaldwalser.com\/wp-content\/uploads\/2023\/11\/Traun-Walser-Vassilieva-242x300.png 242w, https:\/\/ewaldwalser.com\/wp-content\/uploads\/2023\/11\/Traun-Walser-Vassilieva-624x774.png 624w\" sizes=\"(max-width: 639px) 100vw, 639px\" \/><\/a><\/figure>\n","protected":false},"excerpt":{"rendered":"<p>Liebe Kunstinteressierte und Freunde!Wir laden Sie recht herzlich zu unserer Ausstellunger\u00f6ffnung in die Galerie der Stadt Traun ein: MALEREIKatja Vassilieva &amp; Ewald Walser Vernissage:Mittwoch, 22. November 2023 um 19:00 UhrGalerie der Stadt TraunEr\u00f6ffnung:&nbsp;Mag. Andreas Strohhammer \u2013 Lentos Kunstmuseum LinzMusik:&nbsp;Maria Nauen \u2013 Violine Di-So von 11:00-17:00 Uhr ge\u00f6ffnet Zugang \u00fcber das Galerie Caf\u00e9Ausstellungsdauer bis 7. J\u00e4nner [&hellip;]<\/p>\n","protected":false},"author":1,"featured_media":0,"comment_status":"closed","ping_status":"closed","sticky":false,"template":"","format":"standard","meta":{"ngg_post_thumbnail":0},"categories":[1],"tags":[],"_links":{"self":[{"href":"https:\/\/ewaldwalser.com\/index.php?rest_route=\/wp\/v2\/posts\/777"}],"collection":[{"href":"https:\/\/ewaldwalser.com\/index.php?rest_route=\/wp\/v2\/posts"}],"about":[{"href":"https:\/\/ewaldwalser.com\/index.php?rest_route=\/wp\/v2\/types\/post"}],"author":[{"embeddable":true,"href":"https:\/\/ewaldwalser.com\/index.php?rest_route=\/wp\/v2\/users\/1"}],"replies":[{"embeddable":true,"href":"https:\/\/ewaldwalser.com\/index.php?rest_route=%2Fwp%2Fv2%2Fcomments&post=777"}],"version-history":[{"count":2,"href":"https:\/\/ewaldwalser.com\/index.php?rest_route=\/wp\/v2\/posts\/777\/revisions"}],"predecessor-version":[{"id":780,"href":"https:\/\/ewaldwalser.com\/index.php?rest_route=\/wp\/v2\/posts\/777\/revisions\/780"}],"wp:attachment":[{"href":"https:\/\/ewaldwalser.com\/index.php?rest_route=%2Fwp%2Fv2%2Fmedia&parent=777"}],"wp:term":[{"taxonomy":"category","embeddable":true,"href":"https:\/\/ewaldwalser.com\/index.php?rest_route=%2Fwp%2Fv2%2Fcategories&post=777"},{"taxonomy":"post_tag","embeddable":true,"href":"https:\/\/ewaldwalser.com\/index.php?rest_route=%2Fwp%2Fv2%2Ftags&post=777"}],"curies":[{"name":"wp","href":"https:\/\/api.w.org\/{rel}","templated":true}]}}